[{"@context":"https:\/\/schema.org\/","@type":"Article","@id":"https:\/\/www.divernet.cz\/neni-nad-poradne-velkou-kabelku\/#Article","mainEntityOfPage":"https:\/\/www.divernet.cz\/neni-nad-poradne-velkou-kabelku\/","headline":"Nen\u00ed nad po\u0159\u00e1dn\u011b velkou kabelku","name":"Nen\u00ed nad po\u0159\u00e1dn\u011b velkou kabelku","description":"Neodmysliteln\u00e1 sou\u010d\u00e1st ka\u017ed\u00e9ho \u017eensk\u00e9ho sv\u011bta. Ano, \u0159e\u010d je o kabelce. Nos\u00edme je v n\u011bkter\u00fdch p\u0159\u00edpadech u\u017e do \u0161koly m\u00edsto batohu na z\u00e1dech a pak samoz\u0159ejm\u011b cel\u00fd \u017eivot do pr\u00e1ce. Proto m\u016f\u017eeme \u0159\u00edct, \u017ee jsou ned\u00edlnou &hellip; ","datePublished":"2021-08-22","dateModified":"2021-08-22","author":{"@type":"Person","@id":"https:\/\/www.divernet.cz\/author\/#Person","name":"","url":"https:\/\/www.divernet.cz\/author\/","identifier":1,"image":{"@type":"ImageObject","@id":"https:\/\/secure.gravatar.com\/avatar\/53c590fdd1ec24ee297a15a00a0829b5191e9163e4cc5dbbee20ed40fcc30ad9?s=96&d=mm&r=g","url":"https:\/\/secure.gravatar.com\/avatar\/53c590fdd1ec24ee297a15a00a0829b5191e9163e4cc5dbbee20ed40fcc30ad9?s=96&d=mm&r=g","height":96,"width":96}},"publisher":{"@type":"Organization","name":"divernet.cz","logo":{"@type":"ImageObject","@id":"\/logo.png","url":"\/logo.png","width":600,"height":60}},"image":{"@type":"ImageObject","@id":"https:\/\/www.divernet.cz\/wp-content\/uploads\/%C5%BEena.jpeg","url":"https:\/\/www.divernet.cz\/wp-content\/uploads\/%C5%BEena.jpeg","height":0,"width":0},"url":"https:\/\/www.divernet.cz\/neni-nad-poradne-velkou-kabelku\/","about":["V\u00fdrobky"],"wordCount":496,"articleBody":"Neodmysliteln\u00e1 sou\u010d\u00e1st ka\u017ed\u00e9ho \u017eensk\u00e9ho sv\u011bta. Ano, \u0159e\u010d je o kabelce. Nos\u00edme je v n\u011bkter\u00fdch p\u0159\u00edpadech u\u017e do \u0161koly m\u00edsto batohu na z\u00e1dech a pak samoz\u0159ejm\u011b cel\u00fd \u017eivot do pr\u00e1ce. Proto m\u016f\u017eeme \u0159\u00edct, \u017ee jsou ned\u00edlnou sou\u010d\u00e1st\u00ed \u017eensk\u00e9ho \u017eivota. Z pr\u00e1ce na n\u00e1kupy, o v\u00edkendu za p\u0159\u00e1teli, s d\u011btmi na v\u00fdlet, v\u0161ude je n\u00e1m v\u011brn\u00fdm a oddan\u00fdm partnerem, proto si tak\u00e9 p\u0159ejeme, aby n\u011bco vydr\u017eela a p\u016fsobila hezky a ladn\u011b. Nav\u00edc si v dne\u0161n\u00ed dob\u011b m\u016f\u017eeme vyb\u00edrat z tis\u00edce druh\u016f a styl\u016f. M\u00e1te rad\u011bji v\u011bt\u0161\u00ed nebo men\u0161\u00ed? Barevn\u00e9 \u010di jednobarevn\u00e9? Jednoduch\u00e9 \u010di vy\u0161perkovan\u00e9?Tou\u017e\u00edte po velk\u00e9 kabelce? M\u00e1te r\u00e1di styl p\u0159es rameno? V tom p\u0159\u00edpad\u011b v\u00e1s nadchnevelk\u00e1 ko\u017een\u00e1 kabelka p\u0159es ramenoV ko\u017een\u00fdch verz\u00edch naraz\u00edte tak\u00e9 na r\u016fzn\u00e9 barvy. A\u010d se to nezd\u00e1, i barevn\u00e9 p\u016fsob\u00ed velice vkusn\u011b a modern\u011b. Nav\u00edc si je m\u016f\u017eete doladit k outfitu. Samoz\u0159ejm\u011b, \u017ee klasikou, kter\u00e1 nikdy nezklame je \u010dern\u00e1 barva. Decentn\u00ed, hod\u00ed se jak do pr\u00e1ce, tak na v\u00fdlety, zkr\u00e1tka a dob\u0159e kamkoliv a velice snadno ji slad\u00edte i s ostatn\u00edmi dopl\u0148ky. To sam\u00e9 m\u016f\u017ee platit o \u0161ed\u00e9 nebo hn\u011bd\u00e9 barv\u011b. Tyto barvy p\u016fsob\u00ed p\u0159irozen\u011b, st\u00e1le jsou popul\u00e1rn\u00ed a najdete v nich jak nad\u010dasovost, tak i jedine\u010dn\u00fd styl.Praktick\u00e9 v\u011bt\u0161\u00ed kabelky se vid\u00ed velice \u010dasto. Nejv\u00edce je bereme do pr\u00e1ce, nos\u00edme v nich mnohdy i ob\u011bd nebo sva\u010dinu a samoz\u0159ejm\u011b tak\u00e9 v\u0161echny dal\u0161\u00ed neopomenuteln\u00e9 v\u011bci, kter\u00fd je, \u0159ekn\u011bme si to up\u0159\u00edmn\u011b, tak tuna, s nads\u00e1zkou \u0159e\u010deno. Po cest\u011b z pr\u00e1ce jdete na n\u011bco dobr\u00e9ho, mnohdy na \u010derstv\u00e9 pe\u010divo z pek\u00e1rny nebo trochu ovoce z trhu a chcete to d\u00e1t samoz\u0159ejm\u011b do ta\u0161ky. Abychom nemuseli nosit po\u0159\u00e1d n\u011bco v ruce, od toho je zde kabelka. Hod\u00edte ji p\u0159itom zp\u00e1tky na rameno a pohodln\u011b m\u016f\u017eete jet dom\u016f.V\u011bt\u0161\u00ed rozm\u011bry si cen\u00edme kv\u016fli jejich praktick\u00e9mu vyu\u017eit\u00ed. Do v\u011bt\u0161\u00edho rozm\u011bru toti\u017e m\u016f\u017eete d\u00e1t i desky nap\u0159\u00edklad o velikosti A4, kter\u00e9 nos\u00edte denn\u011b z pr\u00e1ce nebo do pr\u00e1ce a dal\u0161\u00ed podobn\u00e9 pom\u016fcky.N\u011bkter\u00e9 druhy najdete velice decentn\u011b ozdoben\u00e9, p\u016fsob\u00ed vzne\u0161en\u011b a elegantn\u011b. Jin\u00e9 mohou m\u00edt r\u016fzn\u00e9 t\u0159\u00e1sn\u011b, ozdoby, cvo\u010dky \u010di dal\u0161\u00ed dopl\u0148ky. Vybrat si m\u016f\u017eete p\u0159esn\u011b podle sv\u00e9ho vkusu. Je hezk\u00e9 m\u00edt n\u011bco origin\u00e1ln\u00edho na sv\u00e9 ta\u0161ce, \u010d\u00edm bude v\u00fdjime\u010dn\u00e1 u\u017e na prvn\u00ed pohled a to nejenom z pohledu kvality.                                                                                                                                                                                                                                                                                                                                                                                         4.7\/5 - (3 votes)        "},{"@context":"https:\/\/schema.org\/","@type":"BreadcrumbList","itemListElement":[{"@type":"ListItem","position":1,"name":"Nen\u00ed nad po\u0159\u00e1dn\u011b velkou kabelku","item":"https:\/\/www.divernet.cz\/neni-nad-poradne-velkou-kabelku\/#breadcrumbitem"}]}]